{"id":352,"date":"2014-10-05T23:17:13","date_gmt":"2014-10-05T21:17:13","guid":{"rendered":"http:\/\/anjakreysing.de\/wp\/?p=352"},"modified":"2014-10-05T23:17:13","modified_gmt":"2014-10-05T21:17:13","slug":"bis-in-die-7-generation-filmscreening-mit-gespraech-24-10-2015-muenster","status":"publish","type":"post","link":"https:\/\/anjakreysing.de\/wp\/2014\/10\/05\/bis-in-die-7-generation-filmscreening-mit-gespraech-24-10-2015-muenster\/","title":{"rendered":"\u201e&#8230;bis in die 7. Generation\u201c: Filmscreening mit Gespr\u00e4ch, 24.10.2014 M\u00fcnster"},"content":{"rendered":"<p>&#8222;&#8230;bis in die 7.\u00a0Generation&#8220;:\u00a0Erste \u00f6ffentliche Filmvorf\u00fchrung mit anschlie\u00dfendem Gespr\u00e4ch\u00a0\u00a0in M\u00fcnster im Atelier 2.6. \/ Speicher II.<\/p>\n<p>24.10.2014, 19 Uhr, Eintritt frei<\/p>\n<p>Mit Anja Kreysing, live-Musik zum Film und <a href=\"https:\/\/www.facebook.com\/anja.manleitner.1\">Anja Manleitner<\/a>, Gespr\u00e4chsleitung.<\/p>\n<p>Was ist uns vom Krieg geblieben?<\/p>\n<p>Anja Kreysing (Musik und Film) und Anja Manleitner (Bilder und Texte) zeigen in &#8222;&#8230;bis in die siebte Generation&#8220; die auch heute noch wahrnehmbaren Nuancen eines Krieges, in dem 52 Millionen Menschen ihr Leben lie\u00dfen.<\/p>\n<p>Auswirkungen bis in die heutige Generation werden wahrnehmbar in einer einzigartigen Kombination aus Musik, Film und Erfahrungsberichten.<\/p>\n<p>Diese Erfahrungsberichte stammen von Menschen, die den Krieg miterlebt haben, die im Krieg geboren wurden oder die erst nach dem Krieg geboren wurden.<\/p>\n<p>Diese Berichte verweben sich zu einem Netz aus Geschichten, Erlebnissen und nicht deutbaren Erfahrungen, deren Ursprung nach langem schwerem Suchen in den Ereignissen des zweiten Weltkriegs zu finden sind.<\/p>\n<p>Vor dem Hintergrund der aktuellen weltweiten Kriege und B\u00fcrgerkriege haben diese Berichte nichts an Brisanz verloren. Stimmen aus Syrien, Afghanistan, Sudan&#8230; w\u00fcrden \u00e4hnliches berichten.<\/p>\n<p>Premiere am 22.11.2014, 19.30 Uhr im Flandernbunker in Kiel<\/p>\n<p>Ein Projekt von Anja Manleitner und Anja Kreysing, in Zusammenarbeit mit dem Kriegszeugenprojekt im Mahnmal Kilian e.V. Kiel.<\/p>\n<p>Trailer: <a href=\"https:\/\/www.youtube.com\/watch?v=XtjiVoU0TKA\">https:\/\/www.youtu.be\/XtjiVoU0TKA<\/a><\/p>\n<p><a href=\"https:\/\/vimeo.com\/85092558\">https:\/\/vimeo.com\/85092558<\/a><\/p>\n<p><a href=\"http:\/\/www.anjakreysing.de\">www.anjakreysing.de<\/a><\/p>\n<p><a href=\"http:\/\/www.aniali.de\">www.aniali.de<\/a><\/p>\n<p><a href=\"http:\/\/www.kriegszeugen.de\">www.kriegszeugen.de<\/a><\/p>\n<p><a href=\"http:\/\/www.mahnmalkilian.de\">www.mahnmalkilian.de<\/a><\/p>\n<p>c) 2014<\/p>\n","protected":false},"excerpt":{"rendered":"<p>&#8222;&#8230;bis in die 7.\u00a0Generation&#8220;:\u00a0Erste \u00f6ffentliche Filmvorf\u00fchrung mit anschlie\u00dfendem Gespr\u00e4ch\u00a0\u00a0in M\u00fcnster im Atelier 2.6. \/ Speicher II. 24.10.2014, 19 Uhr, Eintritt frei Mit Anja Kreysing, live-Musik zum Film und Anja Manleitner, Gespr\u00e4chsleitung. Was ist uns vom Krieg geblieben? Anja Kreysing (Musik und Film) und Anja Manleitner (Bilder und Texte) zeigen in &#8222;&#8230;bis in die siebte Generation&#8220; &hellip; <\/p>\n<p class=\"link-more\"><a href=\"https:\/\/anjakreysing.de\/wp\/2014\/10\/05\/bis-in-die-7-generation-filmscreening-mit-gespraech-24-10-2015-muenster\/\" class=\"more-link\"><span class=\"screen-reader-text\">\u201e\u201e&#8230;bis in die 7. Generation\u201c: Filmscreening mit Gespr\u00e4ch, 24.10.2014 M\u00fcnster\u201c<\/span> weiterlesen<\/a><\/p>\n","protected":false},"author":1,"featured_media":354,"comment_status":"closed","ping_status":"closed","sticky":false,"template":"","format":"standard","meta":{"spay_email":"","footnotes":""},"categories":[5],"tags":[],"class_list":["post-352","post","type-post","status-publish","format-standard","has-post-thumbnail","hentry","category-live"],"jetpack_featured_media_url":"","_links":{"self":[{"href":"https:\/\/anjakreysing.de\/wp\/wp-json\/wp\/v2\/posts\/352","targetHints":{"allow":["GET"]}}],"collection":[{"href":"https:\/\/anjakreysing.de\/wp\/wp-json\/wp\/v2\/posts"}],"about":[{"href":"https:\/\/anjakreysing.de\/wp\/wp-json\/wp\/v2\/types\/post"}],"author":[{"embeddable":true,"href":"https:\/\/anjakreysing.de\/wp\/wp-json\/wp\/v2\/users\/1"}],"replies":[{"embeddable":true,"href":"https:\/\/anjakreysing.de\/wp\/wp-json\/wp\/v2\/comments?post=352"}],"version-history":[{"count":0,"href":"https:\/\/anjakreysing.de\/wp\/wp-json\/wp\/v2\/posts\/352\/revisions"}],"wp:featuredmedia":[{"embeddable":true,"href":"https:\/\/anjakreysing.de\/wp\/wp-json\/"}],"wp:attachment":[{"href":"https:\/\/anjakreysing.de\/wp\/wp-json\/wp\/v2\/media?parent=352"}],"wp:term":[{"taxonomy":"category","embeddable":true,"href":"https:\/\/anjakreysing.de\/wp\/wp-json\/wp\/v2\/categories?post=352"},{"taxonomy":"post_tag","embeddable":true,"href":"https:\/\/anjakreysing.de\/wp\/wp-json\/wp\/v2\/tags?post=352"}],"curies":[{"name":"wp","href":"https:\/\/api.w.org\/{rel}","templated":true}]}}